{"id":30873,"date":"2026-04-28T04:22:10","date_gmt":"2026-04-28T04:22:10","guid":{"rendered":"https:\/\/www.spklaj.pl\/?p=30873"},"modified":"2026-04-29T04:24:05","modified_gmt":"2026-04-29T04:24:05","slug":"swietlicowy-czas","status":"publish","type":"post","link":"https:\/\/www.spklaj.pl\/?p=30873","title":{"rendered":"\u015awietlicowy czas\u2026"},"content":{"rendered":"<p style=\"text-align: justify;\">Co s\u0142ycha\u0107 w naszym \u015bwietlicowym \u015bwiecie?<\/p>\n<p style=\"text-align: justify;\">Tutaj bezpieczna przysta\u0144 \u0142\u0105czy si\u0119 z radosnym gwarem wsp\u00f3lnej zabawy, gdzie wspieramy si\u0119 nawzajem \u00a0w odkrywaniu nowych umiej\u0119tno\u015bci, rozwijamy pasje \u00a0i talenty.<\/p>\n<p style=\"text-align: justify;\">U\u015bmiech , przyja\u017a\u0144 i wsp\u00f3lna zabawa. Zajrzyjcie do naszego \u015bwiata.<\/p>\n","protected":false},"excerpt":{"rendered":"<p>Co s\u0142ycha\u0107 w naszym \u015bwietlicowym \u015bwiecie? Tutaj bezpieczna przysta\u0144 \u0142\u0105czy si\u0119 z radosnym gwarem wsp\u00f3lnej zabawy, gdzie wspieramy si\u0119 nawzajem \u00a0w odkrywaniu nowych umiej\u0119tno\u015bci, rozwijamy pasje \u00a0i talenty. U\u015bmiech , przyja\u017a\u0144 i wsp\u00f3lna zabawa. Zajrzyjcie do naszego \u015bwiata.<\/p>\n","protected":false},"author":6,"featured_media":0,"comment_status":"closed","ping_status":"closed","sticky":false,"template":"","format":"standard","meta":[],"categories":[1,54],"tags":[],"yoast_head":"<!-- This site is optimized with the Yoast SEO plugin v19.1 - https:\/\/yoast.com\/wordpress\/plugins\/seo\/ -->\n<title>\u015awietlicowy czas\u2026 - Szko\u0142a Podstawowa<\/title>\n<meta name=\"description\" content=\"Szko\u0142a Podstawowa im. Ks. Jana Twardowskiego w K\u0142aju, woj. ma\u0142opolskie | Edukacja na najwy\u017cszym poziomie.\" \/>\n<meta name=\"robots\" content=\"index, follow, max-snippet:-1, max-image-preview:large, max-video-preview:-1\" \/>\n<link rel=\"canonical\" href=\"https:\/\/www.spklaj.pl\/?p=30873\" \/>\n<meta property=\"og:locale\" content=\"pl_PL\" \/>\n<meta property=\"og:type\" content=\"article\" \/>\n<meta property=\"og:title\" content=\"\u015awietlicowy czas\u2026 - Szko\u0142a Podstawowa\" \/>\n<meta property=\"og:description\" content=\"Szko\u0142a Podstawowa im. Ks. Jana Twardowskiego w K\u0142aju, woj. ma\u0142opolskie | Edukacja na najwy\u017cszym poziomie.\" \/>\n<meta property=\"og:url\" content=\"https:\/\/www.spklaj.pl\/?p=30873\" \/>\n<meta property=\"og:site_name\" content=\"Szko\u0142a Podstawowa\" \/>\n<meta property=\"article:published_time\" content=\"2026-04-28T04:22:10+00:00\" \/>\n<meta property=\"article:modified_time\" content=\"2026-04-29T04:24:05+00:00\" \/>\n<meta name=\"twitter:card\" content=\"summary_large_image\" \/>\n<meta name=\"twitter:label1\" content=\"Napisane przez\" \/>\n\t<meta name=\"twitter:data1\" content=\"AM\" \/>\n<script type=\"application\/ld+json\" class=\"yoast-schema-graph\">{\"@context\":\"https:\/\/schema.org\",\"@graph\":[{\"@type\":\"Organization\",\"@id\":\"https:\/\/www.spklaj.pl\/#organization\",\"name\":\"Szko\u0142a Podstawowa im. Ks. Jana Twardowskiego w K\u0142aju\",\"url\":\"https:\/\/www.spklaj.pl\/\",\"sameAs\":[],\"logo\":{\"@type\":\"ImageObject\",\"inLanguage\":\"pl-PL\",\"@id\":\"https:\/\/www.spklaj.pl\/#\/schema\/logo\/image\/\",\"url\":\"https:\/\/www.spklaj.pl\/wp-content\/uploads\/2021\/01\/szkic-Twardowskiego.png\",\"contentUrl\":\"https:\/\/www.spklaj.pl\/wp-content\/uploads\/2021\/01\/szkic-Twardowskiego.png\",\"width\":227,\"height\":310,\"caption\":\"Szko\u0142a Podstawowa im. Ks. Jana Twardowskiego w K\u0142aju\"},\"image\":{\"@id\":\"https:\/\/www.spklaj.pl\/#\/schema\/logo\/image\/\"}},{\"@type\":\"WebSite\",\"@id\":\"https:\/\/www.spklaj.pl\/#website\",\"url\":\"https:\/\/www.spklaj.pl\/\",\"name\":\"Szko\u0142a Podstawowa im. Ks. Jana Twardowskiego w K\u0142aju\",\"description\":\"im. ks. Jana Twardowskiego w K\u0142aju\",\"publisher\":{\"@id\":\"https:\/\/www.spklaj.pl\/#organization\"},\"potentialAction\":[{\"@type\":\"SearchAction\",\"target\":{\"@type\":\"EntryPoint\",\"urlTemplate\":\"https:\/\/www.spklaj.pl\/?s={search_term_string}\"},\"query-input\":\"required name=search_term_string\"}],\"inLanguage\":\"pl-PL\"},{\"@type\":\"WebPage\",\"@id\":\"https:\/\/www.spklaj.pl\/?p=30873#webpage\",\"url\":\"https:\/\/www.spklaj.pl\/?p=30873\",\"name\":\"\u015awietlicowy czas\u2026 - Szko\u0142a Podstawowa\",\"isPartOf\":{\"@id\":\"https:\/\/www.spklaj.pl\/#website\"},\"datePublished\":\"2026-04-28T04:22:10+00:00\",\"dateModified\":\"2026-04-29T04:24:05+00:00\",\"description\":\"Szko\u0142a Podstawowa im. Ks. Jana Twardowskiego w K\u0142aju, woj. ma\u0142opolskie | Edukacja na najwy\u017cszym poziomie.\",\"breadcrumb\":{\"@id\":\"https:\/\/www.spklaj.pl\/?p=30873#breadcrumb\"},\"inLanguage\":\"pl-PL\",\"potentialAction\":[{\"@type\":\"ReadAction\",\"target\":[\"https:\/\/www.spklaj.pl\/?p=30873\"]}]},{\"@type\":\"BreadcrumbList\",\"@id\":\"https:\/\/www.spklaj.pl\/?p=30873#breadcrumb\",\"itemListElement\":[{\"@type\":\"ListItem\",\"position\":1,\"name\":\"Home\",\"item\":\"https:\/\/www.spklaj.pl\/\"},{\"@type\":\"ListItem\",\"position\":2,\"name\":\"\u015awietlicowy czas\u2026\"}]},{\"@type\":\"Article\",\"@id\":\"https:\/\/www.spklaj.pl\/?p=30873#article\",\"isPartOf\":{\"@id\":\"https:\/\/www.spklaj.pl\/?p=30873#webpage\"},\"author\":{\"@id\":\"https:\/\/www.spklaj.pl\/#\/schema\/person\/6fdfb610b0304954484ef48f77c39d3c\"},\"headline\":\"\u015awietlicowy czas\u2026\",\"datePublished\":\"2026-04-28T04:22:10+00:00\",\"dateModified\":\"2026-04-29T04:24:05+00:00\",\"mainEntityOfPage\":{\"@id\":\"https:\/\/www.spklaj.pl\/?p=30873#webpage\"},\"wordCount\":45,\"publisher\":{\"@id\":\"https:\/\/www.spklaj.pl\/#organization\"},\"articleSection\":[\"Aktualno\u015bci\",\"\u015awietlica\"],\"inLanguage\":\"pl-PL\"},{\"@type\":\"Person\",\"@id\":\"https:\/\/www.spklaj.pl\/#\/schema\/person\/6fdfb610b0304954484ef48f77c39d3c\",\"name\":\"AM\",\"image\":{\"@type\":\"ImageObject\",\"inLanguage\":\"pl-PL\",\"@id\":\"https:\/\/www.spklaj.pl\/#\/schema\/person\/image\/\",\"url\":\"https:\/\/secure.gravatar.com\/avatar\/75c6469864cceaf936173609c7a31ae2?s=96&d=blank&r=g\",\"contentUrl\":\"https:\/\/secure.gravatar.com\/avatar\/75c6469864cceaf936173609c7a31ae2?s=96&d=blank&r=g\",\"caption\":\"AM\"},\"sameAs\":[\"http:\/\/www.spklaj.pl\"],\"url\":\"https:\/\/www.spklaj.pl\/?author=6\"}]}<\/script>\n<!-- \/ Yoast SEO plugin. -->","yoast_head_json":{"title":"\u015awietlicowy czas\u2026 - Szko\u0142a Podstawowa","description":"Szko\u0142a Podstawowa im. Ks. Jana Twardowskiego w K\u0142aju, woj. ma\u0142opolskie | Edukacja na najwy\u017cszym poziomie.","robots":{"index":"index","follow":"follow","max-snippet":"max-snippet:-1","max-image-preview":"max-image-preview:large","max-video-preview":"max-video-preview:-1"},"canonical":"https:\/\/www.spklaj.pl\/?p=30873","og_locale":"pl_PL","og_type":"article","og_title":"\u015awietlicowy czas\u2026 - Szko\u0142a Podstawowa","og_description":"Szko\u0142a Podstawowa im. Ks. Jana Twardowskiego w K\u0142aju, woj. ma\u0142opolskie | Edukacja na najwy\u017cszym poziomie.","og_url":"https:\/\/www.spklaj.pl\/?p=30873","og_site_name":"Szko\u0142a Podstawowa","article_published_time":"2026-04-28T04:22:10+00:00","article_modified_time":"2026-04-29T04:24:05+00:00","twitter_card":"summary_large_image","twitter_misc":{"Napisane przez":"AM"},"schema":{"@context":"https:\/\/schema.org","@graph":[{"@type":"Organization","@id":"https:\/\/www.spklaj.pl\/#organization","name":"Szko\u0142a Podstawowa im. Ks. Jana Twardowskiego w K\u0142aju","url":"https:\/\/www.spklaj.pl\/","sameAs":[],"logo":{"@type":"ImageObject","inLanguage":"pl-PL","@id":"https:\/\/www.spklaj.pl\/#\/schema\/logo\/image\/","url":"https:\/\/www.spklaj.pl\/wp-content\/uploads\/2021\/01\/szkic-Twardowskiego.png","contentUrl":"https:\/\/www.spklaj.pl\/wp-content\/uploads\/2021\/01\/szkic-Twardowskiego.png","width":227,"height":310,"caption":"Szko\u0142a Podstawowa im. Ks. Jana Twardowskiego w K\u0142aju"},"image":{"@id":"https:\/\/www.spklaj.pl\/#\/schema\/logo\/image\/"}},{"@type":"WebSite","@id":"https:\/\/www.spklaj.pl\/#website","url":"https:\/\/www.spklaj.pl\/","name":"Szko\u0142a Podstawowa im. Ks. Jana Twardowskiego w K\u0142aju","description":"im. ks. Jana Twardowskiego w K\u0142aju","publisher":{"@id":"https:\/\/www.spklaj.pl\/#organization"},"potentialAction":[{"@type":"SearchAction","target":{"@type":"EntryPoint","urlTemplate":"https:\/\/www.spklaj.pl\/?s={search_term_string}"},"query-input":"required name=search_term_string"}],"inLanguage":"pl-PL"},{"@type":"WebPage","@id":"https:\/\/www.spklaj.pl\/?p=30873#webpage","url":"https:\/\/www.spklaj.pl\/?p=30873","name":"\u015awietlicowy czas\u2026 - Szko\u0142a Podstawowa","isPartOf":{"@id":"https:\/\/www.spklaj.pl\/#website"},"datePublished":"2026-04-28T04:22:10+00:00","dateModified":"2026-04-29T04:24:05+00:00","description":"Szko\u0142a Podstawowa im. Ks. Jana Twardowskiego w K\u0142aju, woj. ma\u0142opolskie | Edukacja na najwy\u017cszym poziomie.","breadcrumb":{"@id":"https:\/\/www.spklaj.pl\/?p=30873#breadcrumb"},"inLanguage":"pl-PL","potentialAction":[{"@type":"ReadAction","target":["https:\/\/www.spklaj.pl\/?p=30873"]}]},{"@type":"BreadcrumbList","@id":"https:\/\/www.spklaj.pl\/?p=30873#breadcrumb","itemListElement":[{"@type":"ListItem","position":1,"name":"Home","item":"https:\/\/www.spklaj.pl\/"},{"@type":"ListItem","position":2,"name":"\u015awietlicowy czas\u2026"}]},{"@type":"Article","@id":"https:\/\/www.spklaj.pl\/?p=30873#article","isPartOf":{"@id":"https:\/\/www.spklaj.pl\/?p=30873#webpage"},"author":{"@id":"https:\/\/www.spklaj.pl\/#\/schema\/person\/6fdfb610b0304954484ef48f77c39d3c"},"headline":"\u015awietlicowy czas\u2026","datePublished":"2026-04-28T04:22:10+00:00","dateModified":"2026-04-29T04:24:05+00:00","mainEntityOfPage":{"@id":"https:\/\/www.spklaj.pl\/?p=30873#webpage"},"wordCount":45,"publisher":{"@id":"https:\/\/www.spklaj.pl\/#organization"},"articleSection":["Aktualno\u015bci","\u015awietlica"],"inLanguage":"pl-PL"},{"@type":"Person","@id":"https:\/\/www.spklaj.pl\/#\/schema\/person\/6fdfb610b0304954484ef48f77c39d3c","name":"AM","image":{"@type":"ImageObject","inLanguage":"pl-PL","@id":"https:\/\/www.spklaj.pl\/#\/schema\/person\/image\/","url":"https:\/\/secure.gravatar.com\/avatar\/75c6469864cceaf936173609c7a31ae2?s=96&d=blank&r=g","contentUrl":"https:\/\/secure.gravatar.com\/avatar\/75c6469864cceaf936173609c7a31ae2?s=96&d=blank&r=g","caption":"AM"},"sameAs":["http:\/\/www.spklaj.pl"],"url":"https:\/\/www.spklaj.pl\/?author=6"}]}},"_links":{"self":[{"href":"https:\/\/www.spklaj.pl\/index.php?rest_route=\/wp\/v2\/posts\/30873"}],"collection":[{"href":"https:\/\/www.spklaj.pl\/index.php?rest_route=\/wp\/v2\/posts"}],"about":[{"href":"https:\/\/www.spklaj.pl\/index.php?rest_route=\/wp\/v2\/types\/post"}],"author":[{"embeddable":true,"href":"https:\/\/www.spklaj.pl\/index.php?rest_route=\/wp\/v2\/users\/6"}],"replies":[{"embeddable":true,"href":"https:\/\/www.spklaj.pl\/index.php?rest_route=%2Fwp%2Fv2%2Fcomments&post=30873"}],"version-history":[{"count":1,"href":"https:\/\/www.spklaj.pl\/index.php?rest_route=\/wp\/v2\/posts\/30873\/revisions"}],"predecessor-version":[{"id":30874,"href":"https:\/\/www.spklaj.pl\/index.php?rest_route=\/wp\/v2\/posts\/30873\/revisions\/30874"}],"wp:attachment":[{"href":"https:\/\/www.spklaj.pl\/index.php?rest_route=%2Fwp%2Fv2%2Fmedia&parent=30873"}],"wp:term":[{"taxonomy":"category","embeddable":true,"href":"https:\/\/www.spklaj.pl\/index.php?rest_route=%2Fwp%2Fv2%2Fcategories&post=30873"},{"taxonomy":"post_tag","embeddable":true,"href":"https:\/\/www.spklaj.pl\/index.php?rest_route=%2Fwp%2Fv2%2Ftags&post=30873"}],"curies":[{"name":"wp","href":"https:\/\/api.w.org\/{rel}","templated":true}]}}