{"id":30870,"date":"2026-04-28T12:28:34","date_gmt":"2026-04-28T12:28:34","guid":{"rendered":"https:\/\/www.spklaj.pl\/?p=30870"},"modified":"2026-04-28T12:28:34","modified_gmt":"2026-04-28T12:28:34","slug":"egzamin-osmoklasisty-2026-r-harmonogram","status":"publish","type":"post","link":"https:\/\/www.spklaj.pl\/?p=30870","title":{"rendered":"Egzamin \u00f3smoklasisty 2026 r. Harmonogram"},"content":{"rendered":"<p style=\"text-align: justify;\">W 2026 roku terminy egzamin\u00f3w zosta\u0142y wyznaczone na po\u0142ow\u0119 maja. Wszystkie testy rozpoczynaj\u0105 si\u0119 punktualnie o\u00a0<strong>godzinie 9:00<\/strong>:<\/p>\n<ul style=\"text-align: justify;\">\n<li><strong>11 maja (poniedzia\u0142ek):<\/strong>\u00a0j\u0119zyk polski &#8211; czas trwania:\u00a0<strong>150 minut<\/strong>,<\/li>\n<li><strong>12 maja (wtorek):<\/strong>\u00a0matematyka &#8211; czas trwania:\u00a0<strong>125 minut<\/strong>,<\/li>\n<li><strong>13 maja (\u015broda):<\/strong>\u00a0j\u0119zyk obcy nowo\u017cytny &#8211; czas trwania:\u00a0<strong>110 minut<\/strong>.<\/li>\n<\/ul>\n<p style=\"text-align: justify;\">\n<p style=\"text-align: justify;\">Egzamin \u00f3smoklasisty 2026. Co mo\u017cna wnie\u015b\u0107 na sal\u0119?<\/p>\n<p style=\"text-align: justify;\">Procedury Centralnej Komisji Egzaminacyjnej s\u0105 restrykcyjne. Na stoliku ucznia mog\u0105 znale\u017a\u0107 si\u0119 tylko niezb\u0119dne przybory:<\/p>\n<ul>\n<li style=\"text-align: justify;\"><strong>d\u0142ugopis lub pi\u00f3ro z czarnym tuszem\/atramentem<\/strong>\u00a0(warto mie\u0107 dwa zapasowe),<\/li>\n<li style=\"text-align: justify;\"><strong>linijka<\/strong>\u00a0&#8211; dopuszczalna wy\u0142\u0105cznie na egzaminie z matematyki,<\/li>\n<li style=\"text-align: justify;\"><strong>legitymacja szkolna<\/strong>\u00a0&#8211; niezb\u0119dna do potwierdzenia to\u017csamo\u015bci.<\/li>\n<\/ul>\n<p style=\"text-align: justify;\">Na sal\u0119\u00a0<strong>nie wolno wnosi\u0107 telefon\u00f3w kom\u00f3rkowych<\/strong>, smartwatchy ani \u017cadnych innych urz\u0105dze\u0144 telekomunikacyjnych.\u00a0<strong>Wniesienie ich grozi uniewa\u017cnieniem egzaminu dla danego ucznia.<\/strong>\u00a0Mo\u017cna mie\u0107 przy sobie ma\u0142\u0105 butelk\u0119 wody, ale musi ona sta\u0107 na pod\u0142odze przy nodze stolika, by unikn\u0105\u0107 zalania arkusza.<\/p>\n<p style=\"text-align: justify;\">Egzamin \u00f3smoklasisty 2026. Na co uwa\u017ca\u0107?<\/p>\n<p style=\"text-align: justify;\">Opr\u00f3cz wiedzy merytorycznej, kluczowe jest przestrzeganie zasad technicznych. Na co zwr\u00f3ci\u0107 szczeg\u00f3ln\u0105 uwag\u0119?<\/p>\n<ul>\n<li style=\"text-align: justify;\"><strong>kodowanie:<\/strong>\u00a0ka\u017cdy ucze\u0144 musi samodzielnie zakodowa\u0107 sw\u00f3j arkusz (naklejki z numerem PESEL);<\/li>\n<li style=\"text-align: justify;\"><strong>przenoszenie odpowiedzi:<\/strong>\u00a0w przypadku zada\u0144 zamkni\u0119tych, odpowiedzi zaznaczone w arkuszu musz\u0105 zosta\u0107 przeniesione na specjaln\u0105 kart\u0119 odpowiedzi; egzaminatorzy sprawdzaj\u0105 tylko to, co znajdzie si\u0119 na karcie,<\/li>\n<li style=\"text-align: justify;\"><strong>czytelno\u015b\u0107:<\/strong>\u00a0w zadaniach otwartych (np. wypracowaniu z j\u0119zyka polskiego) niezwykle wa\u017cna jest czytelno\u015b\u0107 pisma; je\u015bli egzaminator nie b\u0119dzie w stanie odczyta\u0107 s\u0142owa, mo\u017ce ono zosta\u0107 uznane za b\u0142\u0105d.<\/li>\n<\/ul>\n","protected":false},"excerpt":{"rendered":"<p>W 2026 roku terminy egzamin\u00f3w zosta\u0142y wyznaczone na po\u0142ow\u0119 maja. Wszystkie testy rozpoczynaj\u0105 si\u0119 punktualnie o\u00a0godzinie 9:00: 11 maja (poniedzia\u0142ek):\u00a0j\u0119zyk polski &#8211; czas trwania:\u00a0150 minut, 12 maja (wtorek):\u00a0matematyka &#8211; czas trwania:\u00a0125 minut, 13 maja (\u015broda):\u00a0j\u0119zyk obcy nowo\u017cytny &#8211; czas trwania:\u00a0110 minut. Egzamin \u00f3smoklasisty 2026. Co mo\u017cna wnie\u015b\u0107 na sal\u0119? Procedury [&hellip;]<\/p>\n","protected":false},"author":3,"featured_media":0,"comment_status":"closed","ping_status":"closed","sticky":false,"template":"","format":"standard","meta":[],"categories":[49,9],"tags":[],"yoast_head":"<!-- This site is optimized with the Yoast SEO plugin v19.1 - https:\/\/yoast.com\/wordpress\/plugins\/seo\/ -->\n<title>Egzamin \u00f3smoklasisty 2026 r. Harmonogram - Szko\u0142a Podstawowa<\/title>\n<meta name=\"description\" content=\"Szko\u0142a Podstawowa im. Ks. Jana Twardowskiego w K\u0142aju, woj. ma\u0142opolskie | Edukacja na najwy\u017cszym poziomie.\" \/>\n<meta name=\"robots\" content=\"index, follow, max-snippet:-1, max-image-preview:large, max-video-preview:-1\" \/>\n<link rel=\"canonical\" href=\"https:\/\/www.spklaj.pl\/?p=30870\" \/>\n<meta property=\"og:locale\" content=\"pl_PL\" \/>\n<meta property=\"og:type\" content=\"article\" \/>\n<meta property=\"og:title\" content=\"Egzamin \u00f3smoklasisty 2026 r. Harmonogram - Szko\u0142a Podstawowa\" \/>\n<meta property=\"og:description\" content=\"Szko\u0142a Podstawowa im. Ks. Jana Twardowskiego w K\u0142aju, woj. ma\u0142opolskie | Edukacja na najwy\u017cszym poziomie.\" \/>\n<meta property=\"og:url\" content=\"https:\/\/www.spklaj.pl\/?p=30870\" \/>\n<meta property=\"og:site_name\" content=\"Szko\u0142a Podstawowa\" \/>\n<meta property=\"article:published_time\" content=\"2026-04-28T12:28:34+00:00\" \/>\n<meta name=\"twitter:card\" content=\"summary_large_image\" \/>\n<meta name=\"twitter:label1\" content=\"Napisane przez\" \/>\n\t<meta name=\"twitter:data1\" content=\"GP\" \/>\n\t<meta name=\"twitter:label2\" content=\"Szacowany czas czytania\" \/>\n\t<meta name=\"twitter:data2\" content=\"2 minuty\" \/>\n<script type=\"application\/ld+json\" class=\"yoast-schema-graph\">{\"@context\":\"https:\/\/schema.org\",\"@graph\":[{\"@type\":\"Organization\",\"@id\":\"https:\/\/www.spklaj.pl\/#organization\",\"name\":\"Szko\u0142a Podstawowa im. Ks. Jana Twardowskiego w K\u0142aju\",\"url\":\"https:\/\/www.spklaj.pl\/\",\"sameAs\":[],\"logo\":{\"@type\":\"ImageObject\",\"inLanguage\":\"pl-PL\",\"@id\":\"https:\/\/www.spklaj.pl\/#\/schema\/logo\/image\/\",\"url\":\"https:\/\/www.spklaj.pl\/wp-content\/uploads\/2021\/01\/szkic-Twardowskiego.png\",\"contentUrl\":\"https:\/\/www.spklaj.pl\/wp-content\/uploads\/2021\/01\/szkic-Twardowskiego.png\",\"width\":227,\"height\":310,\"caption\":\"Szko\u0142a Podstawowa im. Ks. Jana Twardowskiego w K\u0142aju\"},\"image\":{\"@id\":\"https:\/\/www.spklaj.pl\/#\/schema\/logo\/image\/\"}},{\"@type\":\"WebSite\",\"@id\":\"https:\/\/www.spklaj.pl\/#website\",\"url\":\"https:\/\/www.spklaj.pl\/\",\"name\":\"Szko\u0142a Podstawowa im. Ks. Jana Twardowskiego w K\u0142aju\",\"description\":\"im. ks. Jana Twardowskiego w K\u0142aju\",\"publisher\":{\"@id\":\"https:\/\/www.spklaj.pl\/#organization\"},\"potentialAction\":[{\"@type\":\"SearchAction\",\"target\":{\"@type\":\"EntryPoint\",\"urlTemplate\":\"https:\/\/www.spklaj.pl\/?s={search_term_string}\"},\"query-input\":\"required name=search_term_string\"}],\"inLanguage\":\"pl-PL\"},{\"@type\":\"WebPage\",\"@id\":\"https:\/\/www.spklaj.pl\/?p=30870#webpage\",\"url\":\"https:\/\/www.spklaj.pl\/?p=30870\",\"name\":\"Egzamin \u00f3smoklasisty 2026 r. Harmonogram - Szko\u0142a Podstawowa\",\"isPartOf\":{\"@id\":\"https:\/\/www.spklaj.pl\/#website\"},\"datePublished\":\"2026-04-28T12:28:34+00:00\",\"dateModified\":\"2026-04-28T12:28:34+00:00\",\"description\":\"Szko\u0142a Podstawowa im. Ks. Jana Twardowskiego w K\u0142aju, woj. ma\u0142opolskie | Edukacja na najwy\u017cszym poziomie.\",\"breadcrumb\":{\"@id\":\"https:\/\/www.spklaj.pl\/?p=30870#breadcrumb\"},\"inLanguage\":\"pl-PL\",\"potentialAction\":[{\"@type\":\"ReadAction\",\"target\":[\"https:\/\/www.spklaj.pl\/?p=30870\"]}]},{\"@type\":\"BreadcrumbList\",\"@id\":\"https:\/\/www.spklaj.pl\/?p=30870#breadcrumb\",\"itemListElement\":[{\"@type\":\"ListItem\",\"position\":1,\"name\":\"Home\",\"item\":\"https:\/\/www.spklaj.pl\/\"},{\"@type\":\"ListItem\",\"position\":2,\"name\":\"Egzamin \u00f3smoklasisty 2026 r. Harmonogram\"}]},{\"@type\":\"Article\",\"@id\":\"https:\/\/www.spklaj.pl\/?p=30870#article\",\"isPartOf\":{\"@id\":\"https:\/\/www.spklaj.pl\/?p=30870#webpage\"},\"author\":{\"@id\":\"https:\/\/www.spklaj.pl\/#\/schema\/person\/f107ae05648f088b390492ab0f829fcd\"},\"headline\":\"Egzamin \u00f3smoklasisty 2026 r. Harmonogram\",\"datePublished\":\"2026-04-28T12:28:34+00:00\",\"dateModified\":\"2026-04-28T12:28:34+00:00\",\"mainEntityOfPage\":{\"@id\":\"https:\/\/www.spklaj.pl\/?p=30870#webpage\"},\"wordCount\":252,\"publisher\":{\"@id\":\"https:\/\/www.spklaj.pl\/#organization\"},\"articleSection\":[\"Egzamin 2026 r.\",\"Komunikaty\"],\"inLanguage\":\"pl-PL\"},{\"@type\":\"Person\",\"@id\":\"https:\/\/www.spklaj.pl\/#\/schema\/person\/f107ae05648f088b390492ab0f829fcd\",\"name\":\"GP\",\"image\":{\"@type\":\"ImageObject\",\"inLanguage\":\"pl-PL\",\"@id\":\"https:\/\/www.spklaj.pl\/#\/schema\/person\/image\/\",\"url\":\"https:\/\/secure.gravatar.com\/avatar\/a531fa3b48850b31a39757014a3e0129?s=96&d=blank&r=g\",\"contentUrl\":\"https:\/\/secure.gravatar.com\/avatar\/a531fa3b48850b31a39757014a3e0129?s=96&d=blank&r=g\",\"caption\":\"GP\"},\"sameAs\":[\"https:\/\/www.spklaj.pl\"],\"url\":\"https:\/\/www.spklaj.pl\/?author=3\"}]}<\/script>\n<!-- \/ Yoast SEO plugin. -->","yoast_head_json":{"title":"Egzamin \u00f3smoklasisty 2026 r. Harmonogram - Szko\u0142a Podstawowa","description":"Szko\u0142a Podstawowa im. Ks. Jana Twardowskiego w K\u0142aju, woj. ma\u0142opolskie | Edukacja na najwy\u017cszym poziomie.","robots":{"index":"index","follow":"follow","max-snippet":"max-snippet:-1","max-image-preview":"max-image-preview:large","max-video-preview":"max-video-preview:-1"},"canonical":"https:\/\/www.spklaj.pl\/?p=30870","og_locale":"pl_PL","og_type":"article","og_title":"Egzamin \u00f3smoklasisty 2026 r. Harmonogram - Szko\u0142a Podstawowa","og_description":"Szko\u0142a Podstawowa im. Ks. Jana Twardowskiego w K\u0142aju, woj. ma\u0142opolskie | Edukacja na najwy\u017cszym poziomie.","og_url":"https:\/\/www.spklaj.pl\/?p=30870","og_site_name":"Szko\u0142a Podstawowa","article_published_time":"2026-04-28T12:28:34+00:00","twitter_card":"summary_large_image","twitter_misc":{"Napisane przez":"GP","Szacowany czas czytania":"2 minuty"},"schema":{"@context":"https:\/\/schema.org","@graph":[{"@type":"Organization","@id":"https:\/\/www.spklaj.pl\/#organization","name":"Szko\u0142a Podstawowa im. Ks. Jana Twardowskiego w K\u0142aju","url":"https:\/\/www.spklaj.pl\/","sameAs":[],"logo":{"@type":"ImageObject","inLanguage":"pl-PL","@id":"https:\/\/www.spklaj.pl\/#\/schema\/logo\/image\/","url":"https:\/\/www.spklaj.pl\/wp-content\/uploads\/2021\/01\/szkic-Twardowskiego.png","contentUrl":"https:\/\/www.spklaj.pl\/wp-content\/uploads\/2021\/01\/szkic-Twardowskiego.png","width":227,"height":310,"caption":"Szko\u0142a Podstawowa im. Ks. Jana Twardowskiego w K\u0142aju"},"image":{"@id":"https:\/\/www.spklaj.pl\/#\/schema\/logo\/image\/"}},{"@type":"WebSite","@id":"https:\/\/www.spklaj.pl\/#website","url":"https:\/\/www.spklaj.pl\/","name":"Szko\u0142a Podstawowa im. Ks. Jana Twardowskiego w K\u0142aju","description":"im. ks. Jana Twardowskiego w K\u0142aju","publisher":{"@id":"https:\/\/www.spklaj.pl\/#organization"},"potentialAction":[{"@type":"SearchAction","target":{"@type":"EntryPoint","urlTemplate":"https:\/\/www.spklaj.pl\/?s={search_term_string}"},"query-input":"required name=search_term_string"}],"inLanguage":"pl-PL"},{"@type":"WebPage","@id":"https:\/\/www.spklaj.pl\/?p=30870#webpage","url":"https:\/\/www.spklaj.pl\/?p=30870","name":"Egzamin \u00f3smoklasisty 2026 r. Harmonogram - Szko\u0142a Podstawowa","isPartOf":{"@id":"https:\/\/www.spklaj.pl\/#website"},"datePublished":"2026-04-28T12:28:34+00:00","dateModified":"2026-04-28T12:28:34+00:00","description":"Szko\u0142a Podstawowa im. Ks. Jana Twardowskiego w K\u0142aju, woj. ma\u0142opolskie | Edukacja na najwy\u017cszym poziomie.","breadcrumb":{"@id":"https:\/\/www.spklaj.pl\/?p=30870#breadcrumb"},"inLanguage":"pl-PL","potentialAction":[{"@type":"ReadAction","target":["https:\/\/www.spklaj.pl\/?p=30870"]}]},{"@type":"BreadcrumbList","@id":"https:\/\/www.spklaj.pl\/?p=30870#breadcrumb","itemListElement":[{"@type":"ListItem","position":1,"name":"Home","item":"https:\/\/www.spklaj.pl\/"},{"@type":"ListItem","position":2,"name":"Egzamin \u00f3smoklasisty 2026 r. Harmonogram"}]},{"@type":"Article","@id":"https:\/\/www.spklaj.pl\/?p=30870#article","isPartOf":{"@id":"https:\/\/www.spklaj.pl\/?p=30870#webpage"},"author":{"@id":"https:\/\/www.spklaj.pl\/#\/schema\/person\/f107ae05648f088b390492ab0f829fcd"},"headline":"Egzamin \u00f3smoklasisty 2026 r. Harmonogram","datePublished":"2026-04-28T12:28:34+00:00","dateModified":"2026-04-28T12:28:34+00:00","mainEntityOfPage":{"@id":"https:\/\/www.spklaj.pl\/?p=30870#webpage"},"wordCount":252,"publisher":{"@id":"https:\/\/www.spklaj.pl\/#organization"},"articleSection":["Egzamin 2026 r.","Komunikaty"],"inLanguage":"pl-PL"},{"@type":"Person","@id":"https:\/\/www.spklaj.pl\/#\/schema\/person\/f107ae05648f088b390492ab0f829fcd","name":"GP","image":{"@type":"ImageObject","inLanguage":"pl-PL","@id":"https:\/\/www.spklaj.pl\/#\/schema\/person\/image\/","url":"https:\/\/secure.gravatar.com\/avatar\/a531fa3b48850b31a39757014a3e0129?s=96&d=blank&r=g","contentUrl":"https:\/\/secure.gravatar.com\/avatar\/a531fa3b48850b31a39757014a3e0129?s=96&d=blank&r=g","caption":"GP"},"sameAs":["https:\/\/www.spklaj.pl"],"url":"https:\/\/www.spklaj.pl\/?author=3"}]}},"_links":{"self":[{"href":"https:\/\/www.spklaj.pl\/index.php?rest_route=\/wp\/v2\/posts\/30870"}],"collection":[{"href":"https:\/\/www.spklaj.pl\/index.php?rest_route=\/wp\/v2\/posts"}],"about":[{"href":"https:\/\/www.spklaj.pl\/index.php?rest_route=\/wp\/v2\/types\/post"}],"author":[{"embeddable":true,"href":"https:\/\/www.spklaj.pl\/index.php?rest_route=\/wp\/v2\/users\/3"}],"replies":[{"embeddable":true,"href":"https:\/\/www.spklaj.pl\/index.php?rest_route=%2Fwp%2Fv2%2Fcomments&post=30870"}],"version-history":[{"count":1,"href":"https:\/\/www.spklaj.pl\/index.php?rest_route=\/wp\/v2\/posts\/30870\/revisions"}],"predecessor-version":[{"id":30871,"href":"https:\/\/www.spklaj.pl\/index.php?rest_route=\/wp\/v2\/posts\/30870\/revisions\/30871"}],"wp:attachment":[{"href":"https:\/\/www.spklaj.pl\/index.php?rest_route=%2Fwp%2Fv2%2Fmedia&parent=30870"}],"wp:term":[{"taxonomy":"category","embeddable":true,"href":"https:\/\/www.spklaj.pl\/index.php?rest_route=%2Fwp%2Fv2%2Fcategories&post=30870"},{"taxonomy":"post_tag","embeddable":true,"href":"https:\/\/www.spklaj.pl\/index.php?rest_route=%2Fwp%2Fv2%2Ftags&post=30870"}],"curies":[{"name":"wp","href":"https:\/\/api.w.org\/{rel}","templated":true}]}}