{"id":30447,"date":"2026-02-19T14:31:32","date_gmt":"2026-02-19T14:31:32","guid":{"rendered":"https:\/\/www.spklaj.pl\/?p=30447"},"modified":"2026-02-19T14:33:22","modified_gmt":"2026-02-19T14:33:22","slug":"trzecioklasisci-w-teatrze-ludowym","status":"publish","type":"post","link":"https:\/\/www.spklaj.pl\/?p=30447","title":{"rendered":"Trzecioklasi\u015bci w Teatrze Ludowym"},"content":{"rendered":"<p style=\"text-align: justify;\">Dzi\u015b klasy trzecie wybra\u0142y si\u0119 na wyj\u0105tkow\u0105 wycieczk\u0119 do Teatru Ludowego w Krakowie, aby obejrze\u0107 spektakl Kr\u00f3lowa \u015aniegu.<\/p>\n<p style=\"text-align: justify;\">Trudno wyobrazi\u0107 sobie \u015bwiat bez ba\u015bni Hansa Christiana Andersena. To w\u0142a\u015bnie dzi\u0119ki nim dzieci poznaj\u0105 \u015bwiat warto\u015bci, ucz\u0105 si\u0119 dobra i bezpiecznie oswajaj\u0105 ze z\u0142em. Wraz z Gerd\u0105 wyruszyli\u015bmy w pe\u0142n\u0105 przyg\u00f3d podr\u00f3\u017c w poszukiwaniu Kaya \u2013 jej przyjaciela i towarzysza beztroskich zabaw. Odwiedzili\u015bmy eteryczn\u0105 krain\u0119 kwiat\u00f3w, bajkowy pa\u0142ac Ksi\u0119\u017cniczki \u00a0oraz zmierzyli\u015bmy si\u0119 ze z\u0142owrogimi zb\u00f3jcami. Wszystko po to, by w obliczu z\u0142a odkry\u0107 niezwyk\u0142\u0105 si\u0142\u0119 mi\u0142o\u015bci i przyja\u017ani.<\/p>\n<p style=\"text-align: justify;\">Spektakl dostarczy\u0142 nam wielu emocji, wzrusze\u0144 i zachwyt\u00f3w nad pi\u0119kn\u0105 scenografi\u0105 oraz gr\u0105 aktor\u00f3w. To by\u0142a prawdziwie magiczna lekcja wra\u017cliwo\u015bci i warto\u015bci, kt\u00f3re s\u0105 ponadczasowe. Dzi\u0119kujemy za ten pi\u0119kny, teatralny dzie\u0144!<\/p>\n<p style=\"text-align: justify;\"><a href=\"https:\/\/www.spklaj.pl\/wp-content\/uploads\/2026\/02\/IMG_8482-scaled.jpeg\"><img loading=\"lazy\" class=\"aligncenter size-full wp-image-30449\" src=\"https:\/\/www.spklaj.pl\/wp-content\/uploads\/2026\/02\/IMG_8482-scaled.jpeg\" alt=\"\" width=\"2560\" height=\"1920\" srcset=\"https:\/\/www.spklaj.pl\/wp-content\/uploads\/2026\/02\/IMG_8482-scaled.jpeg 2560w, https:\/\/www.spklaj.pl\/wp-content\/uploads\/2026\/02\/IMG_8482-1536x1152.jpeg 1536w, https:\/\/www.spklaj.pl\/wp-content\/uploads\/2026\/02\/IMG_8482-2048x1536.jpeg 2048w, https:\/\/www.spklaj.pl\/wp-content\/uploads\/2026\/02\/IMG_8482-830x623.jpeg 830w, https:\/\/www.spklaj.pl\/wp-content\/uploads\/2026\/02\/IMG_8482-230x173.jpeg 230w, https:\/\/www.spklaj.pl\/wp-content\/uploads\/2026\/02\/IMG_8482-350x263.jpeg 350w, https:\/\/www.spklaj.pl\/wp-content\/uploads\/2026\/02\/IMG_8482-480x360.jpeg 480w\" sizes=\"(max-width: 2560px) 100vw, 2560px\" \/><\/a><\/p>\n","protected":false},"excerpt":{"rendered":"<p>Dzi\u015b klasy trzecie wybra\u0142y si\u0119 na wyj\u0105tkow\u0105 wycieczk\u0119 do Teatru Ludowego w Krakowie, aby obejrze\u0107 spektakl Kr\u00f3lowa \u015aniegu. Trudno wyobrazi\u0107 sobie \u015bwiat bez ba\u015bni Hansa Christiana Andersena. To w\u0142a\u015bnie dzi\u0119ki nim dzieci poznaj\u0105 \u015bwiat warto\u015bci, ucz\u0105 si\u0119 dobra i bezpiecznie oswajaj\u0105 ze z\u0142em. Wraz z Gerd\u0105 wyruszyli\u015bmy w pe\u0142n\u0105 przyg\u00f3d [&hellip;]<\/p>\n","protected":false},"author":6,"featured_media":0,"comment_status":"closed","ping_status":"closed","sticky":false,"template":"","format":"standard","meta":[],"categories":[1],"tags":[],"yoast_head":"<!-- This site is optimized with the Yoast SEO plugin v19.1 - https:\/\/yoast.com\/wordpress\/plugins\/seo\/ -->\n<title>Trzecioklasi\u015bci w Teatrze Ludowym - Szko\u0142a Podstawowa<\/title>\n<meta name=\"description\" content=\"Szko\u0142a Podstawowa im. Ks. Jana Twardowskiego w K\u0142aju, woj. ma\u0142opolskie | Edukacja na najwy\u017cszym poziomie.\" \/>\n<meta name=\"robots\" content=\"index, follow, max-snippet:-1, max-image-preview:large, max-video-preview:-1\" \/>\n<link rel=\"canonical\" href=\"https:\/\/www.spklaj.pl\/?p=30447\" \/>\n<meta property=\"og:locale\" content=\"pl_PL\" \/>\n<meta property=\"og:type\" content=\"article\" \/>\n<meta property=\"og:title\" content=\"Trzecioklasi\u015bci w Teatrze Ludowym - Szko\u0142a Podstawowa\" \/>\n<meta property=\"og:description\" content=\"Szko\u0142a Podstawowa im. Ks. Jana Twardowskiego w K\u0142aju, woj. ma\u0142opolskie | Edukacja na najwy\u017cszym poziomie.\" \/>\n<meta property=\"og:url\" content=\"https:\/\/www.spklaj.pl\/?p=30447\" \/>\n<meta property=\"og:site_name\" content=\"Szko\u0142a Podstawowa\" \/>\n<meta property=\"article:published_time\" content=\"2026-02-19T14:31:32+00:00\" \/>\n<meta property=\"article:modified_time\" content=\"2026-02-19T14:33:22+00:00\" \/>\n<meta property=\"og:image\" content=\"https:\/\/www.spklaj.pl\/wp-content\/uploads\/2026\/02\/IMG_8482-scaled.jpeg\" \/>\n<meta name=\"twitter:card\" content=\"summary_large_image\" \/>\n<meta name=\"twitter:label1\" content=\"Napisane przez\" \/>\n\t<meta name=\"twitter:data1\" content=\"AM\" \/>\n\t<meta name=\"twitter:label2\" content=\"Szacowany czas czytania\" \/>\n\t<meta name=\"twitter:data2\" content=\"1 minuta\" \/>\n<script type=\"application\/ld+json\" class=\"yoast-schema-graph\">{\"@context\":\"https:\/\/schema.org\",\"@graph\":[{\"@type\":\"Organization\",\"@id\":\"https:\/\/www.spklaj.pl\/#organization\",\"name\":\"Szko\u0142a Podstawowa im. Ks. Jana Twardowskiego w K\u0142aju\",\"url\":\"https:\/\/www.spklaj.pl\/\",\"sameAs\":[],\"logo\":{\"@type\":\"ImageObject\",\"inLanguage\":\"pl-PL\",\"@id\":\"https:\/\/www.spklaj.pl\/#\/schema\/logo\/image\/\",\"url\":\"https:\/\/www.spklaj.pl\/wp-content\/uploads\/2021\/01\/szkic-Twardowskiego.png\",\"contentUrl\":\"https:\/\/www.spklaj.pl\/wp-content\/uploads\/2021\/01\/szkic-Twardowskiego.png\",\"width\":227,\"height\":310,\"caption\":\"Szko\u0142a Podstawowa im. Ks. Jana Twardowskiego w K\u0142aju\"},\"image\":{\"@id\":\"https:\/\/www.spklaj.pl\/#\/schema\/logo\/image\/\"}},{\"@type\":\"WebSite\",\"@id\":\"https:\/\/www.spklaj.pl\/#website\",\"url\":\"https:\/\/www.spklaj.pl\/\",\"name\":\"Szko\u0142a Podstawowa im. Ks. Jana Twardowskiego w K\u0142aju\",\"description\":\"im. ks. Jana Twardowskiego w K\u0142aju\",\"publisher\":{\"@id\":\"https:\/\/www.spklaj.pl\/#organization\"},\"potentialAction\":[{\"@type\":\"SearchAction\",\"target\":{\"@type\":\"EntryPoint\",\"urlTemplate\":\"https:\/\/www.spklaj.pl\/?s={search_term_string}\"},\"query-input\":\"required name=search_term_string\"}],\"inLanguage\":\"pl-PL\"},{\"@type\":\"ImageObject\",\"inLanguage\":\"pl-PL\",\"@id\":\"https:\/\/www.spklaj.pl\/?p=30447#primaryimage\",\"url\":\"https:\/\/www.spklaj.pl\/wp-content\/uploads\/2026\/02\/IMG_8482-scaled.jpeg\",\"contentUrl\":\"https:\/\/www.spklaj.pl\/wp-content\/uploads\/2026\/02\/IMG_8482-scaled.jpeg\",\"width\":2560,\"height\":1920},{\"@type\":\"WebPage\",\"@id\":\"https:\/\/www.spklaj.pl\/?p=30447#webpage\",\"url\":\"https:\/\/www.spklaj.pl\/?p=30447\",\"name\":\"Trzecioklasi\u015bci w Teatrze Ludowym - Szko\u0142a Podstawowa\",\"isPartOf\":{\"@id\":\"https:\/\/www.spklaj.pl\/#website\"},\"primaryImageOfPage\":{\"@id\":\"https:\/\/www.spklaj.pl\/?p=30447#primaryimage\"},\"datePublished\":\"2026-02-19T14:31:32+00:00\",\"dateModified\":\"2026-02-19T14:33:22+00:00\",\"description\":\"Szko\u0142a Podstawowa im. Ks. Jana Twardowskiego w K\u0142aju, woj. ma\u0142opolskie | Edukacja na najwy\u017cszym poziomie.\",\"breadcrumb\":{\"@id\":\"https:\/\/www.spklaj.pl\/?p=30447#breadcrumb\"},\"inLanguage\":\"pl-PL\",\"potentialAction\":[{\"@type\":\"ReadAction\",\"target\":[\"https:\/\/www.spklaj.pl\/?p=30447\"]}]},{\"@type\":\"BreadcrumbList\",\"@id\":\"https:\/\/www.spklaj.pl\/?p=30447#breadcrumb\",\"itemListElement\":[{\"@type\":\"ListItem\",\"position\":1,\"name\":\"Home\",\"item\":\"https:\/\/www.spklaj.pl\/\"},{\"@type\":\"ListItem\",\"position\":2,\"name\":\"Trzecioklasi\u015bci w Teatrze Ludowym\"}]},{\"@type\":\"Article\",\"@id\":\"https:\/\/www.spklaj.pl\/?p=30447#article\",\"isPartOf\":{\"@id\":\"https:\/\/www.spklaj.pl\/?p=30447#webpage\"},\"author\":{\"@id\":\"https:\/\/www.spklaj.pl\/#\/schema\/person\/6fdfb610b0304954484ef48f77c39d3c\"},\"headline\":\"Trzecioklasi\u015bci w Teatrze Ludowym\",\"datePublished\":\"2026-02-19T14:31:32+00:00\",\"dateModified\":\"2026-02-19T14:33:22+00:00\",\"mainEntityOfPage\":{\"@id\":\"https:\/\/www.spklaj.pl\/?p=30447#webpage\"},\"wordCount\":155,\"publisher\":{\"@id\":\"https:\/\/www.spklaj.pl\/#organization\"},\"image\":{\"@id\":\"https:\/\/www.spklaj.pl\/?p=30447#primaryimage\"},\"thumbnailUrl\":\"https:\/\/www.spklaj.pl\/wp-content\/uploads\/2026\/02\/IMG_8482-scaled.jpeg\",\"articleSection\":[\"Aktualno\u015bci\"],\"inLanguage\":\"pl-PL\"},{\"@type\":\"Person\",\"@id\":\"https:\/\/www.spklaj.pl\/#\/schema\/person\/6fdfb610b0304954484ef48f77c39d3c\",\"name\":\"AM\",\"image\":{\"@type\":\"ImageObject\",\"inLanguage\":\"pl-PL\",\"@id\":\"https:\/\/www.spklaj.pl\/#\/schema\/person\/image\/\",\"url\":\"https:\/\/secure.gravatar.com\/avatar\/75c6469864cceaf936173609c7a31ae2?s=96&d=blank&r=g\",\"contentUrl\":\"https:\/\/secure.gravatar.com\/avatar\/75c6469864cceaf936173609c7a31ae2?s=96&d=blank&r=g\",\"caption\":\"AM\"},\"sameAs\":[\"http:\/\/www.spklaj.pl\"],\"url\":\"https:\/\/www.spklaj.pl\/?author=6\"}]}<\/script>\n<!-- \/ Yoast SEO plugin. -->","yoast_head_json":{"title":"Trzecioklasi\u015bci w Teatrze Ludowym - Szko\u0142a Podstawowa","description":"Szko\u0142a Podstawowa im. Ks. Jana Twardowskiego w K\u0142aju, woj. ma\u0142opolskie | Edukacja na najwy\u017cszym poziomie.","robots":{"index":"index","follow":"follow","max-snippet":"max-snippet:-1","max-image-preview":"max-image-preview:large","max-video-preview":"max-video-preview:-1"},"canonical":"https:\/\/www.spklaj.pl\/?p=30447","og_locale":"pl_PL","og_type":"article","og_title":"Trzecioklasi\u015bci w Teatrze Ludowym - Szko\u0142a Podstawowa","og_description":"Szko\u0142a Podstawowa im. Ks. Jana Twardowskiego w K\u0142aju, woj. ma\u0142opolskie | Edukacja na najwy\u017cszym poziomie.","og_url":"https:\/\/www.spklaj.pl\/?p=30447","og_site_name":"Szko\u0142a Podstawowa","article_published_time":"2026-02-19T14:31:32+00:00","article_modified_time":"2026-02-19T14:33:22+00:00","og_image":[{"url":"https:\/\/www.spklaj.pl\/wp-content\/uploads\/2026\/02\/IMG_8482-scaled.jpeg"}],"twitter_card":"summary_large_image","twitter_misc":{"Napisane przez":"AM","Szacowany czas czytania":"1 minuta"},"schema":{"@context":"https:\/\/schema.org","@graph":[{"@type":"Organization","@id":"https:\/\/www.spklaj.pl\/#organization","name":"Szko\u0142a Podstawowa im. Ks. Jana Twardowskiego w K\u0142aju","url":"https:\/\/www.spklaj.pl\/","sameAs":[],"logo":{"@type":"ImageObject","inLanguage":"pl-PL","@id":"https:\/\/www.spklaj.pl\/#\/schema\/logo\/image\/","url":"https:\/\/www.spklaj.pl\/wp-content\/uploads\/2021\/01\/szkic-Twardowskiego.png","contentUrl":"https:\/\/www.spklaj.pl\/wp-content\/uploads\/2021\/01\/szkic-Twardowskiego.png","width":227,"height":310,"caption":"Szko\u0142a Podstawowa im. Ks. Jana Twardowskiego w K\u0142aju"},"image":{"@id":"https:\/\/www.spklaj.pl\/#\/schema\/logo\/image\/"}},{"@type":"WebSite","@id":"https:\/\/www.spklaj.pl\/#website","url":"https:\/\/www.spklaj.pl\/","name":"Szko\u0142a Podstawowa im. Ks. Jana Twardowskiego w K\u0142aju","description":"im. ks. Jana Twardowskiego w K\u0142aju","publisher":{"@id":"https:\/\/www.spklaj.pl\/#organization"},"potentialAction":[{"@type":"SearchAction","target":{"@type":"EntryPoint","urlTemplate":"https:\/\/www.spklaj.pl\/?s={search_term_string}"},"query-input":"required name=search_term_string"}],"inLanguage":"pl-PL"},{"@type":"ImageObject","inLanguage":"pl-PL","@id":"https:\/\/www.spklaj.pl\/?p=30447#primaryimage","url":"https:\/\/www.spklaj.pl\/wp-content\/uploads\/2026\/02\/IMG_8482-scaled.jpeg","contentUrl":"https:\/\/www.spklaj.pl\/wp-content\/uploads\/2026\/02\/IMG_8482-scaled.jpeg","width":2560,"height":1920},{"@type":"WebPage","@id":"https:\/\/www.spklaj.pl\/?p=30447#webpage","url":"https:\/\/www.spklaj.pl\/?p=30447","name":"Trzecioklasi\u015bci w Teatrze Ludowym - Szko\u0142a Podstawowa","isPartOf":{"@id":"https:\/\/www.spklaj.pl\/#website"},"primaryImageOfPage":{"@id":"https:\/\/www.spklaj.pl\/?p=30447#primaryimage"},"datePublished":"2026-02-19T14:31:32+00:00","dateModified":"2026-02-19T14:33:22+00:00","description":"Szko\u0142a Podstawowa im. Ks. Jana Twardowskiego w K\u0142aju, woj. ma\u0142opolskie | Edukacja na najwy\u017cszym poziomie.","breadcrumb":{"@id":"https:\/\/www.spklaj.pl\/?p=30447#breadcrumb"},"inLanguage":"pl-PL","potentialAction":[{"@type":"ReadAction","target":["https:\/\/www.spklaj.pl\/?p=30447"]}]},{"@type":"BreadcrumbList","@id":"https:\/\/www.spklaj.pl\/?p=30447#breadcrumb","itemListElement":[{"@type":"ListItem","position":1,"name":"Home","item":"https:\/\/www.spklaj.pl\/"},{"@type":"ListItem","position":2,"name":"Trzecioklasi\u015bci w Teatrze Ludowym"}]},{"@type":"Article","@id":"https:\/\/www.spklaj.pl\/?p=30447#article","isPartOf":{"@id":"https:\/\/www.spklaj.pl\/?p=30447#webpage"},"author":{"@id":"https:\/\/www.spklaj.pl\/#\/schema\/person\/6fdfb610b0304954484ef48f77c39d3c"},"headline":"Trzecioklasi\u015bci w Teatrze Ludowym","datePublished":"2026-02-19T14:31:32+00:00","dateModified":"2026-02-19T14:33:22+00:00","mainEntityOfPage":{"@id":"https:\/\/www.spklaj.pl\/?p=30447#webpage"},"wordCount":155,"publisher":{"@id":"https:\/\/www.spklaj.pl\/#organization"},"image":{"@id":"https:\/\/www.spklaj.pl\/?p=30447#primaryimage"},"thumbnailUrl":"https:\/\/www.spklaj.pl\/wp-content\/uploads\/2026\/02\/IMG_8482-scaled.jpeg","articleSection":["Aktualno\u015bci"],"inLanguage":"pl-PL"},{"@type":"Person","@id":"https:\/\/www.spklaj.pl\/#\/schema\/person\/6fdfb610b0304954484ef48f77c39d3c","name":"AM","image":{"@type":"ImageObject","inLanguage":"pl-PL","@id":"https:\/\/www.spklaj.pl\/#\/schema\/person\/image\/","url":"https:\/\/secure.gravatar.com\/avatar\/75c6469864cceaf936173609c7a31ae2?s=96&d=blank&r=g","contentUrl":"https:\/\/secure.gravatar.com\/avatar\/75c6469864cceaf936173609c7a31ae2?s=96&d=blank&r=g","caption":"AM"},"sameAs":["http:\/\/www.spklaj.pl"],"url":"https:\/\/www.spklaj.pl\/?author=6"}]}},"_links":{"self":[{"href":"https:\/\/www.spklaj.pl\/index.php?rest_route=\/wp\/v2\/posts\/30447"}],"collection":[{"href":"https:\/\/www.spklaj.pl\/index.php?rest_route=\/wp\/v2\/posts"}],"about":[{"href":"https:\/\/www.spklaj.pl\/index.php?rest_route=\/wp\/v2\/types\/post"}],"author":[{"embeddable":true,"href":"https:\/\/www.spklaj.pl\/index.php?rest_route=\/wp\/v2\/users\/6"}],"replies":[{"embeddable":true,"href":"https:\/\/www.spklaj.pl\/index.php?rest_route=%2Fwp%2Fv2%2Fcomments&post=30447"}],"version-history":[{"count":2,"href":"https:\/\/www.spklaj.pl\/index.php?rest_route=\/wp\/v2\/posts\/30447\/revisions"}],"predecessor-version":[{"id":30451,"href":"https:\/\/www.spklaj.pl\/index.php?rest_route=\/wp\/v2\/posts\/30447\/revisions\/30451"}],"wp:attachment":[{"href":"https:\/\/www.spklaj.pl\/index.php?rest_route=%2Fwp%2Fv2%2Fmedia&parent=30447"}],"wp:term":[{"taxonomy":"category","embeddable":true,"href":"https:\/\/www.spklaj.pl\/index.php?rest_route=%2Fwp%2Fv2%2Fcategories&post=30447"},{"taxonomy":"post_tag","embeddable":true,"href":"https:\/\/www.spklaj.pl\/index.php?rest_route=%2Fwp%2Fv2%2Ftags&post=30447"}],"curies":[{"name":"wp","href":"https:\/\/api.w.org\/{rel}","templated":true}]}}