{"id":28662,"date":"2025-04-28T14:15:33","date_gmt":"2025-04-28T14:15:33","guid":{"rendered":"https:\/\/www.spklaj.pl\/?p=28662"},"modified":"2025-04-28T14:16:17","modified_gmt":"2025-04-28T14:16:17","slug":"konkurs-czyste-powietrze","status":"publish","type":"post","link":"https:\/\/www.spklaj.pl\/?p=28662","title":{"rendered":"Konkurs &#8211; Czyste powietrze!"},"content":{"rendered":"<p style=\"text-align: justify;\">Zapraszamy do udzia\u0142u w konkursie dla uczestnik\u00f3w programu ESA (r\u00f3wnie\u017c naszej szko\u0142y!) \u201eMisja: Czyste powietrze\u201d! Jego tegoroczna ods\u0142ona odbywa si\u0119 pod has\u0142em: \u201eWp\u0142yw jako\u015bci powietrza na zdrowie\u201d. Na podstawie zaj\u0119\u0107 przeprowadzonych w tym tygodniu w szkole (godziny wychowawcze, klasy VII \u2013 lekcje biologii, w ramach edukacji przyrodniczej w kl. I-III) z wykorzystaniem materia\u0142\u00f3w Edukacyjnej Sieci Antysmogowej dotycz\u0105cymi wp\u0142ywu zanieczyszczonego powietrza na zdrowie, wykonajcie prac\u0119 w odpowiedniej dla swojego wieku kategorii:<br \/>\n\u2022 uczniowie klas I -III \u2013 rysunek<br \/>\n\u2022 uczniowie klas IV-VI \u2013 komiks<br \/>\n\u2022 uczniowie klas VII-VIII \u2013 film<\/p>\n<p>Definicje poszczeg\u00f3lnych form prac konkursowych:<br \/>\na) rysunek \u2013 praca plastyczna wykonana technik\u0105 malarsk\u0105, rysunkow\u0105 lub cyfrow\u0105 w dowolnym programie graficznym w formacie A4;<br \/>\nb) komiks \u2013 historyjka obrazkowo-tekstowa wykonana technik\u0105 malarsk\u0105, rysunkow\u0105 lub cyfrow\u0105 w dowolnym programie graficznym w formacie A4;<br \/>\nc) film \u2013 materia\u0142 wideo (animacja, wypowied\u017a lub inna koncepcja kreatywna) trwaj\u0105cy maksymalnie 15 sekund, przygotowany w dowolnym programie graficznym w formacie POZIOMYM.<br \/>\nPlik zawieraj\u0105cy prac\u0119 konkursow\u0105 nie mo\u017ce przekracza\u0107 200 MB i powinien by\u0107 zapisany w jednym z nast\u0119puj\u0105cych format\u00f3w: jpg, jpeg, png, jfif, pdf, bmp, tiff lub mp4, mov, wmv, flv, avi, avchd, webM, MKV (przynosimy na pendrive, kt\u00f3ry zostanie zwr\u00f3cony). Rysunek lub komiks, kt\u00f3ry nie zosta\u0142 przygotowany w programie graficznym nale\u017cy odda\u0107 nauczycielowi kt\u00f3ry go sfotografuje lub zeskanuje.<br \/>\nLaureaci konkursu otrzymaj\u0105 ufundowane przez organizator\u00f3w nagrody rzeczowe np. ksi\u0105\u017cki, butelki czy plecaki z logo ESA oraz dyplomy. Po oddaniu pracy nale\u017cy zwr\u00f3ci\u0107 otrzyman\u0105 i podpisan\u0105 przez rodzica zgod\u0119. Wszystkie prace przynosimy do P. El\u017cbiety Gorzuli (sala 102) do 12 maja (poniedzia\u0142ek) !<\/p>\n<p>Koordynatorzy konkursu:<br \/>\nEl\u017cbieta Gorzula<br \/>\nMonika Moroniewicz<br \/>\nGrzegorz Por\u0119ba<\/p>\n<p><a href=\"https:\/\/www.spklaj.pl\/wp-content\/uploads\/2025\/04\/IMG_6519.jpeg\"><img loading=\"lazy\" class=\"aligncenter size-full wp-image-28663\" src=\"https:\/\/www.spklaj.pl\/wp-content\/uploads\/2025\/04\/IMG_6519.jpeg\" alt=\"\" width=\"720\" height=\"540\" srcset=\"https:\/\/www.spklaj.pl\/wp-content\/uploads\/2025\/04\/IMG_6519.jpeg 720w, https:\/\/www.spklaj.pl\/wp-content\/uploads\/2025\/04\/IMG_6519-230x173.jpeg 230w, https:\/\/www.spklaj.pl\/wp-content\/uploads\/2025\/04\/IMG_6519-350x263.jpeg 350w, https:\/\/www.spklaj.pl\/wp-content\/uploads\/2025\/04\/IMG_6519-480x360.jpeg 480w\" sizes=\"(max-width: 720px) 100vw, 720px\" \/><\/a><\/p>\n","protected":false},"excerpt":{"rendered":"<p>Zapraszamy do udzia\u0142u w konkursie dla uczestnik\u00f3w programu ESA (r\u00f3wnie\u017c naszej szko\u0142y!) \u201eMisja: Czyste powietrze\u201d! Jego tegoroczna ods\u0142ona odbywa si\u0119 pod has\u0142em: \u201eWp\u0142yw jako\u015bci powietrza na zdrowie\u201d. Na podstawie zaj\u0119\u0107 przeprowadzonych w tym tygodniu w szkole (godziny wychowawcze, klasy VII \u2013 lekcje biologii, w ramach edukacji przyrodniczej w kl. I-III) [&hellip;]<\/p>\n","protected":false},"author":6,"featured_media":0,"comment_status":"closed","ping_status":"closed","sticky":false,"template":"","format":"standard","meta":[],"categories":[2,5],"tags":[],"yoast_head":"<!-- This site is optimized with the Yoast SEO plugin v19.1 - https:\/\/yoast.com\/wordpress\/plugins\/seo\/ -->\n<title>Konkurs - Czyste powietrze! - Szko\u0142a Podstawowa<\/title>\n<meta name=\"description\" content=\"Szko\u0142a Podstawowa im. Ks. Jana Twardowskiego w K\u0142aju, woj. ma\u0142opolskie | Edukacja na najwy\u017cszym poziomie.\" \/>\n<meta name=\"robots\" content=\"index, follow, max-snippet:-1, max-image-preview:large, max-video-preview:-1\" \/>\n<link rel=\"canonical\" href=\"https:\/\/www.spklaj.pl\/?p=28662\" \/>\n<meta property=\"og:locale\" content=\"pl_PL\" \/>\n<meta property=\"og:type\" content=\"article\" \/>\n<meta property=\"og:title\" content=\"Konkurs - Czyste powietrze! - Szko\u0142a Podstawowa\" \/>\n<meta property=\"og:description\" content=\"Szko\u0142a Podstawowa im. Ks. Jana Twardowskiego w K\u0142aju, woj. ma\u0142opolskie | Edukacja na najwy\u017cszym poziomie.\" \/>\n<meta property=\"og:url\" content=\"https:\/\/www.spklaj.pl\/?p=28662\" \/>\n<meta property=\"og:site_name\" content=\"Szko\u0142a Podstawowa\" \/>\n<meta property=\"article:published_time\" content=\"2025-04-28T14:15:33+00:00\" \/>\n<meta property=\"article:modified_time\" content=\"2025-04-28T14:16:17+00:00\" \/>\n<meta property=\"og:image\" content=\"https:\/\/www.spklaj.pl\/wp-content\/uploads\/2025\/04\/IMG_6519.jpeg\" \/>\n<meta name=\"twitter:card\" content=\"summary_large_image\" \/>\n<meta name=\"twitter:label1\" content=\"Napisane przez\" \/>\n\t<meta name=\"twitter:data1\" content=\"AM\" \/>\n\t<meta name=\"twitter:label2\" content=\"Szacowany czas czytania\" \/>\n\t<meta name=\"twitter:data2\" content=\"1 minuta\" \/>\n<script type=\"application\/ld+json\" class=\"yoast-schema-graph\">{\"@context\":\"https:\/\/schema.org\",\"@graph\":[{\"@type\":\"Organization\",\"@id\":\"https:\/\/www.spklaj.pl\/#organization\",\"name\":\"Szko\u0142a Podstawowa im. Ks. Jana Twardowskiego w K\u0142aju\",\"url\":\"https:\/\/www.spklaj.pl\/\",\"sameAs\":[],\"logo\":{\"@type\":\"ImageObject\",\"inLanguage\":\"pl-PL\",\"@id\":\"https:\/\/www.spklaj.pl\/#\/schema\/logo\/image\/\",\"url\":\"https:\/\/www.spklaj.pl\/wp-content\/uploads\/2021\/01\/szkic-Twardowskiego.png\",\"contentUrl\":\"https:\/\/www.spklaj.pl\/wp-content\/uploads\/2021\/01\/szkic-Twardowskiego.png\",\"width\":227,\"height\":310,\"caption\":\"Szko\u0142a Podstawowa im. Ks. Jana Twardowskiego w K\u0142aju\"},\"image\":{\"@id\":\"https:\/\/www.spklaj.pl\/#\/schema\/logo\/image\/\"}},{\"@type\":\"WebSite\",\"@id\":\"https:\/\/www.spklaj.pl\/#website\",\"url\":\"https:\/\/www.spklaj.pl\/\",\"name\":\"Szko\u0142a Podstawowa im. Ks. Jana Twardowskiego w K\u0142aju\",\"description\":\"im. ks. Jana Twardowskiego w K\u0142aju\",\"publisher\":{\"@id\":\"https:\/\/www.spklaj.pl\/#organization\"},\"potentialAction\":[{\"@type\":\"SearchAction\",\"target\":{\"@type\":\"EntryPoint\",\"urlTemplate\":\"https:\/\/www.spklaj.pl\/?s={search_term_string}\"},\"query-input\":\"required name=search_term_string\"}],\"inLanguage\":\"pl-PL\"},{\"@type\":\"ImageObject\",\"inLanguage\":\"pl-PL\",\"@id\":\"https:\/\/www.spklaj.pl\/?p=28662#primaryimage\",\"url\":\"https:\/\/www.spklaj.pl\/wp-content\/uploads\/2025\/04\/IMG_6519.jpeg\",\"contentUrl\":\"https:\/\/www.spklaj.pl\/wp-content\/uploads\/2025\/04\/IMG_6519.jpeg\",\"width\":720,\"height\":540},{\"@type\":\"WebPage\",\"@id\":\"https:\/\/www.spklaj.pl\/?p=28662#webpage\",\"url\":\"https:\/\/www.spklaj.pl\/?p=28662\",\"name\":\"Konkurs - Czyste powietrze! - Szko\u0142a Podstawowa\",\"isPartOf\":{\"@id\":\"https:\/\/www.spklaj.pl\/#website\"},\"primaryImageOfPage\":{\"@id\":\"https:\/\/www.spklaj.pl\/?p=28662#primaryimage\"},\"datePublished\":\"2025-04-28T14:15:33+00:00\",\"dateModified\":\"2025-04-28T14:16:17+00:00\",\"description\":\"Szko\u0142a Podstawowa im. Ks. Jana Twardowskiego w K\u0142aju, woj. ma\u0142opolskie | Edukacja na najwy\u017cszym poziomie.\",\"breadcrumb\":{\"@id\":\"https:\/\/www.spklaj.pl\/?p=28662#breadcrumb\"},\"inLanguage\":\"pl-PL\",\"potentialAction\":[{\"@type\":\"ReadAction\",\"target\":[\"https:\/\/www.spklaj.pl\/?p=28662\"]}]},{\"@type\":\"BreadcrumbList\",\"@id\":\"https:\/\/www.spklaj.pl\/?p=28662#breadcrumb\",\"itemListElement\":[{\"@type\":\"ListItem\",\"position\":1,\"name\":\"Home\",\"item\":\"https:\/\/www.spklaj.pl\/\"},{\"@type\":\"ListItem\",\"position\":2,\"name\":\"Konkurs &#8211; Czyste powietrze!\"}]},{\"@type\":\"Article\",\"@id\":\"https:\/\/www.spklaj.pl\/?p=28662#article\",\"isPartOf\":{\"@id\":\"https:\/\/www.spklaj.pl\/?p=28662#webpage\"},\"author\":{\"@id\":\"https:\/\/www.spklaj.pl\/#\/schema\/person\/6fdfb610b0304954484ef48f77c39d3c\"},\"headline\":\"Konkurs &#8211; Czyste powietrze!\",\"datePublished\":\"2025-04-28T14:15:33+00:00\",\"dateModified\":\"2025-04-28T14:16:17+00:00\",\"mainEntityOfPage\":{\"@id\":\"https:\/\/www.spklaj.pl\/?p=28662#webpage\"},\"wordCount\":282,\"publisher\":{\"@id\":\"https:\/\/www.spklaj.pl\/#organization\"},\"image\":{\"@id\":\"https:\/\/www.spklaj.pl\/?p=28662#primaryimage\"},\"thumbnailUrl\":\"https:\/\/www.spklaj.pl\/wp-content\/uploads\/2025\/04\/IMG_6519.jpeg\",\"articleSection\":[\"Konkursy | zawody\",\"Og\u0142oszenia\"],\"inLanguage\":\"pl-PL\"},{\"@type\":\"Person\",\"@id\":\"https:\/\/www.spklaj.pl\/#\/schema\/person\/6fdfb610b0304954484ef48f77c39d3c\",\"name\":\"AM\",\"image\":{\"@type\":\"ImageObject\",\"inLanguage\":\"pl-PL\",\"@id\":\"https:\/\/www.spklaj.pl\/#\/schema\/person\/image\/\",\"url\":\"https:\/\/secure.gravatar.com\/avatar\/75c6469864cceaf936173609c7a31ae2?s=96&d=blank&r=g\",\"contentUrl\":\"https:\/\/secure.gravatar.com\/avatar\/75c6469864cceaf936173609c7a31ae2?s=96&d=blank&r=g\",\"caption\":\"AM\"},\"sameAs\":[\"http:\/\/www.spklaj.pl\"],\"url\":\"https:\/\/www.spklaj.pl\/?author=6\"}]}<\/script>\n<!-- \/ Yoast SEO plugin. -->","yoast_head_json":{"title":"Konkurs - Czyste powietrze! - Szko\u0142a Podstawowa","description":"Szko\u0142a Podstawowa im. Ks. Jana Twardowskiego w K\u0142aju, woj. ma\u0142opolskie | Edukacja na najwy\u017cszym poziomie.","robots":{"index":"index","follow":"follow","max-snippet":"max-snippet:-1","max-image-preview":"max-image-preview:large","max-video-preview":"max-video-preview:-1"},"canonical":"https:\/\/www.spklaj.pl\/?p=28662","og_locale":"pl_PL","og_type":"article","og_title":"Konkurs - Czyste powietrze! - Szko\u0142a Podstawowa","og_description":"Szko\u0142a Podstawowa im. Ks. Jana Twardowskiego w K\u0142aju, woj. ma\u0142opolskie | Edukacja na najwy\u017cszym poziomie.","og_url":"https:\/\/www.spklaj.pl\/?p=28662","og_site_name":"Szko\u0142a Podstawowa","article_published_time":"2025-04-28T14:15:33+00:00","article_modified_time":"2025-04-28T14:16:17+00:00","og_image":[{"url":"https:\/\/www.spklaj.pl\/wp-content\/uploads\/2025\/04\/IMG_6519.jpeg"}],"twitter_card":"summary_large_image","twitter_misc":{"Napisane przez":"AM","Szacowany czas czytania":"1 minuta"},"schema":{"@context":"https:\/\/schema.org","@graph":[{"@type":"Organization","@id":"https:\/\/www.spklaj.pl\/#organization","name":"Szko\u0142a Podstawowa im. Ks. Jana Twardowskiego w K\u0142aju","url":"https:\/\/www.spklaj.pl\/","sameAs":[],"logo":{"@type":"ImageObject","inLanguage":"pl-PL","@id":"https:\/\/www.spklaj.pl\/#\/schema\/logo\/image\/","url":"https:\/\/www.spklaj.pl\/wp-content\/uploads\/2021\/01\/szkic-Twardowskiego.png","contentUrl":"https:\/\/www.spklaj.pl\/wp-content\/uploads\/2021\/01\/szkic-Twardowskiego.png","width":227,"height":310,"caption":"Szko\u0142a Podstawowa im. Ks. Jana Twardowskiego w K\u0142aju"},"image":{"@id":"https:\/\/www.spklaj.pl\/#\/schema\/logo\/image\/"}},{"@type":"WebSite","@id":"https:\/\/www.spklaj.pl\/#website","url":"https:\/\/www.spklaj.pl\/","name":"Szko\u0142a Podstawowa im. Ks. Jana Twardowskiego w K\u0142aju","description":"im. ks. Jana Twardowskiego w K\u0142aju","publisher":{"@id":"https:\/\/www.spklaj.pl\/#organization"},"potentialAction":[{"@type":"SearchAction","target":{"@type":"EntryPoint","urlTemplate":"https:\/\/www.spklaj.pl\/?s={search_term_string}"},"query-input":"required name=search_term_string"}],"inLanguage":"pl-PL"},{"@type":"ImageObject","inLanguage":"pl-PL","@id":"https:\/\/www.spklaj.pl\/?p=28662#primaryimage","url":"https:\/\/www.spklaj.pl\/wp-content\/uploads\/2025\/04\/IMG_6519.jpeg","contentUrl":"https:\/\/www.spklaj.pl\/wp-content\/uploads\/2025\/04\/IMG_6519.jpeg","width":720,"height":540},{"@type":"WebPage","@id":"https:\/\/www.spklaj.pl\/?p=28662#webpage","url":"https:\/\/www.spklaj.pl\/?p=28662","name":"Konkurs - Czyste powietrze! - Szko\u0142a Podstawowa","isPartOf":{"@id":"https:\/\/www.spklaj.pl\/#website"},"primaryImageOfPage":{"@id":"https:\/\/www.spklaj.pl\/?p=28662#primaryimage"},"datePublished":"2025-04-28T14:15:33+00:00","dateModified":"2025-04-28T14:16:17+00:00","description":"Szko\u0142a Podstawowa im. Ks. Jana Twardowskiego w K\u0142aju, woj. ma\u0142opolskie | Edukacja na najwy\u017cszym poziomie.","breadcrumb":{"@id":"https:\/\/www.spklaj.pl\/?p=28662#breadcrumb"},"inLanguage":"pl-PL","potentialAction":[{"@type":"ReadAction","target":["https:\/\/www.spklaj.pl\/?p=28662"]}]},{"@type":"BreadcrumbList","@id":"https:\/\/www.spklaj.pl\/?p=28662#breadcrumb","itemListElement":[{"@type":"ListItem","position":1,"name":"Home","item":"https:\/\/www.spklaj.pl\/"},{"@type":"ListItem","position":2,"name":"Konkurs &#8211; Czyste powietrze!"}]},{"@type":"Article","@id":"https:\/\/www.spklaj.pl\/?p=28662#article","isPartOf":{"@id":"https:\/\/www.spklaj.pl\/?p=28662#webpage"},"author":{"@id":"https:\/\/www.spklaj.pl\/#\/schema\/person\/6fdfb610b0304954484ef48f77c39d3c"},"headline":"Konkurs &#8211; Czyste powietrze!","datePublished":"2025-04-28T14:15:33+00:00","dateModified":"2025-04-28T14:16:17+00:00","mainEntityOfPage":{"@id":"https:\/\/www.spklaj.pl\/?p=28662#webpage"},"wordCount":282,"publisher":{"@id":"https:\/\/www.spklaj.pl\/#organization"},"image":{"@id":"https:\/\/www.spklaj.pl\/?p=28662#primaryimage"},"thumbnailUrl":"https:\/\/www.spklaj.pl\/wp-content\/uploads\/2025\/04\/IMG_6519.jpeg","articleSection":["Konkursy | zawody","Og\u0142oszenia"],"inLanguage":"pl-PL"},{"@type":"Person","@id":"https:\/\/www.spklaj.pl\/#\/schema\/person\/6fdfb610b0304954484ef48f77c39d3c","name":"AM","image":{"@type":"ImageObject","inLanguage":"pl-PL","@id":"https:\/\/www.spklaj.pl\/#\/schema\/person\/image\/","url":"https:\/\/secure.gravatar.com\/avatar\/75c6469864cceaf936173609c7a31ae2?s=96&d=blank&r=g","contentUrl":"https:\/\/secure.gravatar.com\/avatar\/75c6469864cceaf936173609c7a31ae2?s=96&d=blank&r=g","caption":"AM"},"sameAs":["http:\/\/www.spklaj.pl"],"url":"https:\/\/www.spklaj.pl\/?author=6"}]}},"_links":{"self":[{"href":"https:\/\/www.spklaj.pl\/index.php?rest_route=\/wp\/v2\/posts\/28662"}],"collection":[{"href":"https:\/\/www.spklaj.pl\/index.php?rest_route=\/wp\/v2\/posts"}],"about":[{"href":"https:\/\/www.spklaj.pl\/index.php?rest_route=\/wp\/v2\/types\/post"}],"author":[{"embeddable":true,"href":"https:\/\/www.spklaj.pl\/index.php?rest_route=\/wp\/v2\/users\/6"}],"replies":[{"embeddable":true,"href":"https:\/\/www.spklaj.pl\/index.php?rest_route=%2Fwp%2Fv2%2Fcomments&post=28662"}],"version-history":[{"count":2,"href":"https:\/\/www.spklaj.pl\/index.php?rest_route=\/wp\/v2\/posts\/28662\/revisions"}],"predecessor-version":[{"id":28665,"href":"https:\/\/www.spklaj.pl\/index.php?rest_route=\/wp\/v2\/posts\/28662\/revisions\/28665"}],"wp:attachment":[{"href":"https:\/\/www.spklaj.pl\/index.php?rest_route=%2Fwp%2Fv2%2Fmedia&parent=28662"}],"wp:term":[{"taxonomy":"category","embeddable":true,"href":"https:\/\/www.spklaj.pl\/index.php?rest_route=%2Fwp%2Fv2%2Fcategories&post=28662"},{"taxonomy":"post_tag","embeddable":true,"href":"https:\/\/www.spklaj.pl\/index.php?rest_route=%2Fwp%2Fv2%2Ftags&post=28662"}],"curies":[{"name":"wp","href":"https:\/\/api.w.org\/{rel}","templated":true}]}}