{"id":24754,"date":"2024-01-13T08:02:50","date_gmt":"2024-01-13T08:02:50","guid":{"rendered":"https:\/\/www.spklaj.pl\/?p=24754"},"modified":"2024-01-13T08:02:50","modified_gmt":"2024-01-13T08:02:50","slug":"koleda-szkolnego-kola-misyjnego","status":"publish","type":"post","link":"https:\/\/www.spklaj.pl\/?p=24754","title":{"rendered":"Kol\u0119da szkolnego Ko\u0142a Misyjnego"},"content":{"rendered":"<p style=\"text-align: justify;\">Odpowiadaj\u0105c na potrzeb\u0119 Nowej Ewangelizacji, w niedziel\u0119 7 stycznia, trzy grupy Kol\u0119dnik\u00f3w Misyjnych wyruszy\u0142y na teren parafii \u015aw. J\u00f3zefa Robotnika w K\u0142aju, by g\u0142osi\u0107 Dobr\u0105 Nowin\u0119 o Zbawicielu przychodz\u0105cym w bezbronnym Dzieci\u0119ciu.<br \/>\nDo Kol\u0119dowania Misyjnego mali Misjonarze: Kinga i Andrzej W\u00f3jcik, Martynka Zaprzelska, Milenka Bielska, Jadzia Rak, Nadia Kulas, Karol i Szymek G\u0105dor, Maja Jedrys, Marysia Czubak, Daria, Tobiasz i Liwia Polanowscy, Szymek i W\u0142adziu Migda\u0142, Julka Wojas; przygotowywali si\u0119 w naszej szkole poznaj\u0105c, na spotkaniach Ko\u0142a Misyjnego &#8220;Oremus&#8221;, trudn\u0105 sytuacj\u0119 \u017cyciow\u0105 i potrzeby dzieci w Kolumbii, rozdzielaj\u0105c role i kompletuj\u0105c stroje w grupach kol\u0119dniczych, a tak\u017ce planuj\u0105c trasy Kol\u0119dy. Nade wszystko jednak ofiarowali swoj\u0105 misj\u0119 Panu Bogu przygotowuj\u0105c liturgi\u0119 i modl\u0105c si\u0119 w czasie uroczystej Mszy \u015awi\u0119tej rozes\u0142ania Kol\u0119dnik\u00f3w Misyjnych. Swoj\u0105 modlitw\u0105 wspar\u0142 to dzie\u0142o tak\u017ce Ks. Proboszcz Jan Bierowiec, udzielaj\u0105c specjalnego b\u0142ogos\u0142awie\u0144stwa Kol\u0119dnikom.<br \/>\nRodziny, kt\u00f3re odwiedzili\u015bmy na kol\u0119dniczym szlaku, otwar\u0142y przed nami swoje domy i serca, kol\u0119dowa\u0142y z nami, cz\u0119stowa\u0142y s\u0142odyczami i ogrzewa\u0142y gor\u0105c\u0105 herbat\u0105, a tak\u017ce z\u0142o\u017cy\u0142y ofiary na misj\u0119 w Kolumbii.<br \/>\nDarczy\u0144cy oraz Panie opiekunki grup: p. Zofia Cyga, p. Barbara W\u00f3jcik, p. Krystyna Rak, p. Katarzyna Czubak, pozostan\u0105 w naszej wdzi\u0119cznej pami\u0119ci modlitewnej. Niechaj za okazane serce i trud b\u0142ogos\u0142awi im B\u00f3g przychodz\u0105cy w Dzieci\u0105tku Jezus. B\u00f3g zap\u0142a\u0107!<br \/>\nOpiekunka Ko\u0142a Misyjnego,<br \/>\nkatechetka Ma\u0142gorzata Klimczyk.<\/p>\n","protected":false},"excerpt":{"rendered":"<p>Odpowiadaj\u0105c na potrzeb\u0119 Nowej Ewangelizacji, w niedziel\u0119 7 stycznia, trzy grupy Kol\u0119dnik\u00f3w Misyjnych wyruszy\u0142y na teren parafii \u015aw. J\u00f3zefa Robotnika w K\u0142aju, by g\u0142osi\u0107 Dobr\u0105 Nowin\u0119 o Zbawicielu przychodz\u0105cym w bezbronnym Dzieci\u0119ciu. Do Kol\u0119dowania Misyjnego mali Misjonarze: Kinga i Andrzej W\u00f3jcik, Martynka Zaprzelska, Milenka Bielska, Jadzia Rak, Nadia Kulas, Karol [&hellip;]<\/p>\n","protected":false},"author":6,"featured_media":0,"comment_status":"closed","ping_status":"closed","sticky":false,"template":"","format":"standard","meta":[],"categories":[1],"tags":[],"yoast_head":"<!-- This site is optimized with the Yoast SEO plugin v19.1 - https:\/\/yoast.com\/wordpress\/plugins\/seo\/ -->\n<title>Kol\u0119da szkolnego Ko\u0142a Misyjnego - Szko\u0142a Podstawowa<\/title>\n<meta name=\"description\" content=\"Szko\u0142a Podstawowa im. Ks. Jana Twardowskiego w K\u0142aju, woj. ma\u0142opolskie | Edukacja na najwy\u017cszym poziomie.\" \/>\n<meta name=\"robots\" content=\"index, follow, max-snippet:-1, max-image-preview:large, max-video-preview:-1\" \/>\n<link rel=\"canonical\" href=\"https:\/\/www.spklaj.pl\/?p=24754\" \/>\n<meta property=\"og:locale\" content=\"pl_PL\" \/>\n<meta property=\"og:type\" content=\"article\" \/>\n<meta property=\"og:title\" content=\"Kol\u0119da szkolnego Ko\u0142a Misyjnego - Szko\u0142a Podstawowa\" \/>\n<meta property=\"og:description\" content=\"Szko\u0142a Podstawowa im. Ks. Jana Twardowskiego w K\u0142aju, woj. ma\u0142opolskie | Edukacja na najwy\u017cszym poziomie.\" \/>\n<meta property=\"og:url\" content=\"https:\/\/www.spklaj.pl\/?p=24754\" \/>\n<meta property=\"og:site_name\" content=\"Szko\u0142a Podstawowa\" \/>\n<meta property=\"article:published_time\" content=\"2024-01-13T08:02:50+00:00\" \/>\n<meta name=\"twitter:card\" content=\"summary_large_image\" \/>\n<meta name=\"twitter:label1\" content=\"Napisane przez\" \/>\n\t<meta name=\"twitter:data1\" content=\"AM\" \/>\n\t<meta name=\"twitter:label2\" content=\"Szacowany czas czytania\" \/>\n\t<meta name=\"twitter:data2\" content=\"2 minuty\" \/>\n<script type=\"application\/ld+json\" class=\"yoast-schema-graph\">{\"@context\":\"https:\/\/schema.org\",\"@graph\":[{\"@type\":\"Organization\",\"@id\":\"https:\/\/www.spklaj.pl\/#organization\",\"name\":\"Szko\u0142a Podstawowa im. Ks. Jana Twardowskiego w K\u0142aju\",\"url\":\"https:\/\/www.spklaj.pl\/\",\"sameAs\":[],\"logo\":{\"@type\":\"ImageObject\",\"inLanguage\":\"pl-PL\",\"@id\":\"https:\/\/www.spklaj.pl\/#\/schema\/logo\/image\/\",\"url\":\"https:\/\/www.spklaj.pl\/wp-content\/uploads\/2021\/01\/szkic-Twardowskiego.png\",\"contentUrl\":\"https:\/\/www.spklaj.pl\/wp-content\/uploads\/2021\/01\/szkic-Twardowskiego.png\",\"width\":227,\"height\":310,\"caption\":\"Szko\u0142a Podstawowa im. Ks. Jana Twardowskiego w K\u0142aju\"},\"image\":{\"@id\":\"https:\/\/www.spklaj.pl\/#\/schema\/logo\/image\/\"}},{\"@type\":\"WebSite\",\"@id\":\"https:\/\/www.spklaj.pl\/#website\",\"url\":\"https:\/\/www.spklaj.pl\/\",\"name\":\"Szko\u0142a Podstawowa im. Ks. Jana Twardowskiego w K\u0142aju\",\"description\":\"im. ks. Jana Twardowskiego w K\u0142aju\",\"publisher\":{\"@id\":\"https:\/\/www.spklaj.pl\/#organization\"},\"potentialAction\":[{\"@type\":\"SearchAction\",\"target\":{\"@type\":\"EntryPoint\",\"urlTemplate\":\"https:\/\/www.spklaj.pl\/?s={search_term_string}\"},\"query-input\":\"required name=search_term_string\"}],\"inLanguage\":\"pl-PL\"},{\"@type\":\"WebPage\",\"@id\":\"https:\/\/www.spklaj.pl\/?p=24754#webpage\",\"url\":\"https:\/\/www.spklaj.pl\/?p=24754\",\"name\":\"Kol\u0119da szkolnego Ko\u0142a Misyjnego - Szko\u0142a Podstawowa\",\"isPartOf\":{\"@id\":\"https:\/\/www.spklaj.pl\/#website\"},\"datePublished\":\"2024-01-13T08:02:50+00:00\",\"dateModified\":\"2024-01-13T08:02:50+00:00\",\"description\":\"Szko\u0142a Podstawowa im. Ks. Jana Twardowskiego w K\u0142aju, woj. ma\u0142opolskie | Edukacja na najwy\u017cszym poziomie.\",\"breadcrumb\":{\"@id\":\"https:\/\/www.spklaj.pl\/?p=24754#breadcrumb\"},\"inLanguage\":\"pl-PL\",\"potentialAction\":[{\"@type\":\"ReadAction\",\"target\":[\"https:\/\/www.spklaj.pl\/?p=24754\"]}]},{\"@type\":\"BreadcrumbList\",\"@id\":\"https:\/\/www.spklaj.pl\/?p=24754#breadcrumb\",\"itemListElement\":[{\"@type\":\"ListItem\",\"position\":1,\"name\":\"Home\",\"item\":\"https:\/\/www.spklaj.pl\/\"},{\"@type\":\"ListItem\",\"position\":2,\"name\":\"Kol\u0119da szkolnego Ko\u0142a Misyjnego\"}]},{\"@type\":\"Article\",\"@id\":\"https:\/\/www.spklaj.pl\/?p=24754#article\",\"isPartOf\":{\"@id\":\"https:\/\/www.spklaj.pl\/?p=24754#webpage\"},\"author\":{\"@id\":\"https:\/\/www.spklaj.pl\/#\/schema\/person\/6fdfb610b0304954484ef48f77c39d3c\"},\"headline\":\"Kol\u0119da szkolnego Ko\u0142a Misyjnego\",\"datePublished\":\"2024-01-13T08:02:50+00:00\",\"dateModified\":\"2024-01-13T08:02:50+00:00\",\"mainEntityOfPage\":{\"@id\":\"https:\/\/www.spklaj.pl\/?p=24754#webpage\"},\"wordCount\":276,\"publisher\":{\"@id\":\"https:\/\/www.spklaj.pl\/#organization\"},\"articleSection\":[\"Aktualno\u015bci\"],\"inLanguage\":\"pl-PL\"},{\"@type\":\"Person\",\"@id\":\"https:\/\/www.spklaj.pl\/#\/schema\/person\/6fdfb610b0304954484ef48f77c39d3c\",\"name\":\"AM\",\"image\":{\"@type\":\"ImageObject\",\"inLanguage\":\"pl-PL\",\"@id\":\"https:\/\/www.spklaj.pl\/#\/schema\/person\/image\/\",\"url\":\"https:\/\/secure.gravatar.com\/avatar\/75c6469864cceaf936173609c7a31ae2?s=96&d=blank&r=g\",\"contentUrl\":\"https:\/\/secure.gravatar.com\/avatar\/75c6469864cceaf936173609c7a31ae2?s=96&d=blank&r=g\",\"caption\":\"AM\"},\"sameAs\":[\"http:\/\/www.spklaj.pl\"],\"url\":\"https:\/\/www.spklaj.pl\/?author=6\"}]}<\/script>\n<!-- \/ Yoast SEO plugin. -->","yoast_head_json":{"title":"Kol\u0119da szkolnego Ko\u0142a Misyjnego - Szko\u0142a Podstawowa","description":"Szko\u0142a Podstawowa im. Ks. Jana Twardowskiego w K\u0142aju, woj. ma\u0142opolskie | Edukacja na najwy\u017cszym poziomie.","robots":{"index":"index","follow":"follow","max-snippet":"max-snippet:-1","max-image-preview":"max-image-preview:large","max-video-preview":"max-video-preview:-1"},"canonical":"https:\/\/www.spklaj.pl\/?p=24754","og_locale":"pl_PL","og_type":"article","og_title":"Kol\u0119da szkolnego Ko\u0142a Misyjnego - Szko\u0142a Podstawowa","og_description":"Szko\u0142a Podstawowa im. Ks. Jana Twardowskiego w K\u0142aju, woj. ma\u0142opolskie | Edukacja na najwy\u017cszym poziomie.","og_url":"https:\/\/www.spklaj.pl\/?p=24754","og_site_name":"Szko\u0142a Podstawowa","article_published_time":"2024-01-13T08:02:50+00:00","twitter_card":"summary_large_image","twitter_misc":{"Napisane przez":"AM","Szacowany czas czytania":"2 minuty"},"schema":{"@context":"https:\/\/schema.org","@graph":[{"@type":"Organization","@id":"https:\/\/www.spklaj.pl\/#organization","name":"Szko\u0142a Podstawowa im. Ks. Jana Twardowskiego w K\u0142aju","url":"https:\/\/www.spklaj.pl\/","sameAs":[],"logo":{"@type":"ImageObject","inLanguage":"pl-PL","@id":"https:\/\/www.spklaj.pl\/#\/schema\/logo\/image\/","url":"https:\/\/www.spklaj.pl\/wp-content\/uploads\/2021\/01\/szkic-Twardowskiego.png","contentUrl":"https:\/\/www.spklaj.pl\/wp-content\/uploads\/2021\/01\/szkic-Twardowskiego.png","width":227,"height":310,"caption":"Szko\u0142a Podstawowa im. Ks. Jana Twardowskiego w K\u0142aju"},"image":{"@id":"https:\/\/www.spklaj.pl\/#\/schema\/logo\/image\/"}},{"@type":"WebSite","@id":"https:\/\/www.spklaj.pl\/#website","url":"https:\/\/www.spklaj.pl\/","name":"Szko\u0142a Podstawowa im. Ks. Jana Twardowskiego w K\u0142aju","description":"im. ks. Jana Twardowskiego w K\u0142aju","publisher":{"@id":"https:\/\/www.spklaj.pl\/#organization"},"potentialAction":[{"@type":"SearchAction","target":{"@type":"EntryPoint","urlTemplate":"https:\/\/www.spklaj.pl\/?s={search_term_string}"},"query-input":"required name=search_term_string"}],"inLanguage":"pl-PL"},{"@type":"WebPage","@id":"https:\/\/www.spklaj.pl\/?p=24754#webpage","url":"https:\/\/www.spklaj.pl\/?p=24754","name":"Kol\u0119da szkolnego Ko\u0142a Misyjnego - Szko\u0142a Podstawowa","isPartOf":{"@id":"https:\/\/www.spklaj.pl\/#website"},"datePublished":"2024-01-13T08:02:50+00:00","dateModified":"2024-01-13T08:02:50+00:00","description":"Szko\u0142a Podstawowa im. Ks. Jana Twardowskiego w K\u0142aju, woj. ma\u0142opolskie | Edukacja na najwy\u017cszym poziomie.","breadcrumb":{"@id":"https:\/\/www.spklaj.pl\/?p=24754#breadcrumb"},"inLanguage":"pl-PL","potentialAction":[{"@type":"ReadAction","target":["https:\/\/www.spklaj.pl\/?p=24754"]}]},{"@type":"BreadcrumbList","@id":"https:\/\/www.spklaj.pl\/?p=24754#breadcrumb","itemListElement":[{"@type":"ListItem","position":1,"name":"Home","item":"https:\/\/www.spklaj.pl\/"},{"@type":"ListItem","position":2,"name":"Kol\u0119da szkolnego Ko\u0142a Misyjnego"}]},{"@type":"Article","@id":"https:\/\/www.spklaj.pl\/?p=24754#article","isPartOf":{"@id":"https:\/\/www.spklaj.pl\/?p=24754#webpage"},"author":{"@id":"https:\/\/www.spklaj.pl\/#\/schema\/person\/6fdfb610b0304954484ef48f77c39d3c"},"headline":"Kol\u0119da szkolnego Ko\u0142a Misyjnego","datePublished":"2024-01-13T08:02:50+00:00","dateModified":"2024-01-13T08:02:50+00:00","mainEntityOfPage":{"@id":"https:\/\/www.spklaj.pl\/?p=24754#webpage"},"wordCount":276,"publisher":{"@id":"https:\/\/www.spklaj.pl\/#organization"},"articleSection":["Aktualno\u015bci"],"inLanguage":"pl-PL"},{"@type":"Person","@id":"https:\/\/www.spklaj.pl\/#\/schema\/person\/6fdfb610b0304954484ef48f77c39d3c","name":"AM","image":{"@type":"ImageObject","inLanguage":"pl-PL","@id":"https:\/\/www.spklaj.pl\/#\/schema\/person\/image\/","url":"https:\/\/secure.gravatar.com\/avatar\/75c6469864cceaf936173609c7a31ae2?s=96&d=blank&r=g","contentUrl":"https:\/\/secure.gravatar.com\/avatar\/75c6469864cceaf936173609c7a31ae2?s=96&d=blank&r=g","caption":"AM"},"sameAs":["http:\/\/www.spklaj.pl"],"url":"https:\/\/www.spklaj.pl\/?author=6"}]}},"_links":{"self":[{"href":"https:\/\/www.spklaj.pl\/index.php?rest_route=\/wp\/v2\/posts\/24754"}],"collection":[{"href":"https:\/\/www.spklaj.pl\/index.php?rest_route=\/wp\/v2\/posts"}],"about":[{"href":"https:\/\/www.spklaj.pl\/index.php?rest_route=\/wp\/v2\/types\/post"}],"author":[{"embeddable":true,"href":"https:\/\/www.spklaj.pl\/index.php?rest_route=\/wp\/v2\/users\/6"}],"replies":[{"embeddable":true,"href":"https:\/\/www.spklaj.pl\/index.php?rest_route=%2Fwp%2Fv2%2Fcomments&post=24754"}],"version-history":[{"count":1,"href":"https:\/\/www.spklaj.pl\/index.php?rest_route=\/wp\/v2\/posts\/24754\/revisions"}],"predecessor-version":[{"id":24755,"href":"https:\/\/www.spklaj.pl\/index.php?rest_route=\/wp\/v2\/posts\/24754\/revisions\/24755"}],"wp:attachment":[{"href":"https:\/\/www.spklaj.pl\/index.php?rest_route=%2Fwp%2Fv2%2Fmedia&parent=24754"}],"wp:term":[{"taxonomy":"category","embeddable":true,"href":"https:\/\/www.spklaj.pl\/index.php?rest_route=%2Fwp%2Fv2%2Fcategories&post=24754"},{"taxonomy":"post_tag","embeddable":true,"href":"https:\/\/www.spklaj.pl\/index.php?rest_route=%2Fwp%2Fv2%2Ftags&post=24754"}],"curies":[{"name":"wp","href":"https:\/\/api.w.org\/{rel}","templated":true}]}}